{"id":3249,"date":"2019-05-23T09:56:35","date_gmt":"2019-05-23T07:56:35","guid":{"rendered":"https:\/\/tierracalma.com\/premio-para-el-tierra-calma-la-nava-2016\/"},"modified":"2021-04-24T12:56:10","modified_gmt":"2021-04-24T10:56:10","slug":"premio-para-el-tierra-calma-la-nava-2016","status":"publish","type":"post","link":"https:\/\/tierracalma.com\/en\/noticias-en\/premio-para-el-tierra-calma-la-nava-2016\/","title":{"rendered":"Award for the &#8220;Tierra Calma La Nava 2016&#8221;"},"content":{"rendered":"<section class=\"wpb-content-wrapper\">[vc_row][vc_column][vc_column_text css=&#8221;.vc_custom_1558598188834{margin-top: -50px !important;}&#8221;]\n<p style=\"text-align: justify;\">Nuestro Vino TIERRA CALMA LA NAVA 2016, se ha echo con una medalla de bronce, con 86 puntos, en los <a href=\"http:\/\/www.decanter.com\/es\/dwwa\/\" target=\"_blank\" rel=\"noopener noreferrer\"><strong>\u2018Decanter World Wine Awards 2019\u2019,<\/strong><\/a> que se trata de uno de los concursos internacionales m\u00e1s importantes de Reino Unido\u00a0creado y gestionado por la revista global Decanter (una de las m\u00e1s prestigiosas revistas de vino y de referencia), uno de los m\u00e1s relevantes del mundo.<\/p>\n<p style=\"text-align: justify;\">Nuestro vino obtiene la medalla de Bronce por el reputado concurso brit\u00e1nico, tras la superaci\u00f3n de la fase preliminar de evaluaci\u00f3n y entrar en las etapas oficiales finales, reservadas para la asignaci\u00f3n de medallas a nivel internacional para los mejores vinos.<\/p>\n<p style=\"text-align: justify;\">El jurado,\u00a0 estuvo compuesto por especialistas del vino,\u00a0 bodegueros, distribuidores, periodistas especializados, Masters of Wine y Master Sommeliers.<\/p>\n<div style=\"text-align: justify;\"><\/div>\n[\/vc_column_text][\/vc_column][\/vc_row][vc_row][vc_column][vc_single_image image=&#8221;883&#8243; img_size=&#8221;medium&#8221; alignment=&#8221;center&#8221; onclick=&#8221;img_link_large&#8221;][vc_column_text]\n<p style=\"text-align: center;\"><em>Clic en la imagen para agrandar<\/em><\/p>\n[\/vc_column_text][\/vc_column][\/vc_row]\n<\/section>","protected":false},"excerpt":{"rendered":"<p>[vc_row][vc_column][vc_column_text css=&#8221;.vc_custom_1558598188834{margin-top: -50px !important;}&#8221;] Nuestro Vino TIERRA CALMA LA NAVA 2016, se ha echo con una medalla de bronce, con 86 puntos, en los \u2018Decanter World<span class=\"excerpt-hellip\"> [\u2026]<\/span><\/p>\n","protected":false},"author":3,"featured_media":883,"comment_status":"open","ping_status":"open","sticky":false,"template":"","format":"standard","meta":{"_et_pb_use_builder":"","_et_pb_old_content":"","_et_gb_content_width":"","footnotes":""},"categories":[34,35],"tags":[],"class_list":["post-3249","post","type-post","status-publish","format-standard","has-post-thumbnail","hentry","category-noticias-en","category-premios-en"],"acf":[],"yoast_head":"<!-- This site is optimized with the Yoast SEO plugin v26.2 - https:\/\/yoast.com\/wordpress\/plugins\/seo\/ -->\n<title>Award for the &quot;Tierra Calma La Nava 2016&quot; - Bodega Tierra Calma - Vinos y Enoturismo de Madrid<\/title>\n<meta name=\"robots\" content=\"noindex, follow\" \/>\n<meta property=\"og:locale\" content=\"en_US\" \/>\n<meta property=\"og:type\" content=\"article\" \/>\n<meta property=\"og:title\" content=\"Award for the &quot;Tierra Calma La Nava 2016&quot; - Bodega Tierra Calma - Vinos y Enoturismo de Madrid\" \/>\n<meta property=\"og:description\" content=\"[vc_row][vc_column][vc_column_text css=&#8221;.vc_custom_1558598188834{margin-top: -50px !important;}&#8221;] Nuestro Vino TIERRA CALMA LA NAVA 2016, se ha echo con una medalla de bronce, con 86 puntos, en los \u2018Decanter World [\u2026]\" \/>\n<meta property=\"og:url\" content=\"https:\/\/tierracalma.com\/en\/noticias-en\/premio-para-el-tierra-calma-la-nava-2016\/\" \/>\n<meta property=\"og:site_name\" content=\"Bodega Tierra Calma - Vinos y Enoturismo de Madrid\" \/>\n<meta property=\"article:publisher\" content=\"https:\/\/www.facebook.com\/tierracalma\/\" \/>\n<meta property=\"article:published_time\" content=\"2019-05-23T07:56:35+00:00\" \/>\n<meta property=\"article:modified_time\" content=\"2021-04-24T10:56:10+00:00\" \/>\n<meta property=\"og:image\" content=\"https:\/\/tierracalma.com\/wp-content\/uploads\/2019\/05\/Certificate_decanter_page-0001.jpg\" \/>\n\t<meta property=\"og:image:width\" content=\"1754\" \/>\n\t<meta property=\"og:image:height\" content=\"2481\" \/>\n\t<meta property=\"og:image:type\" content=\"image\/jpeg\" \/>\n<meta name=\"author\" content=\"TIERRACALMA TIERRACALMA\" \/>\n<meta name=\"twitter:card\" content=\"summary_large_image\" \/>\n<meta name=\"twitter:label1\" content=\"Written by\" \/>\n\t<meta name=\"twitter:data1\" content=\"TIERRACALMA TIERRACALMA\" \/>\n\t<meta name=\"twitter:label2\" content=\"Est. reading time\" \/>\n\t<meta name=\"twitter:data2\" content=\"1 minute\" \/>\n<script type=\"application\/ld+json\" class=\"yoast-schema-graph\">{\"@context\":\"https:\/\/schema.org\",\"@graph\":[{\"@type\":\"Article\",\"@id\":\"https:\/\/tierracalma.com\/en\/noticias-en\/premio-para-el-tierra-calma-la-nava-2016\/#article\",\"isPartOf\":{\"@id\":\"https:\/\/tierracalma.com\/en\/noticias-en\/premio-para-el-tierra-calma-la-nava-2016\/\"},\"author\":{\"name\":\"TIERRACALMA TIERRACALMA\",\"@id\":\"https:\/\/tierracalma.com\/#\/schema\/person\/84db735113abc3d71ac63787a6b424a7\"},\"headline\":\"Award for the &#8220;Tierra Calma La Nava 2016&#8221;\",\"datePublished\":\"2019-05-23T07:56:35+00:00\",\"dateModified\":\"2021-04-24T10:56:10+00:00\",\"mainEntityOfPage\":{\"@id\":\"https:\/\/tierracalma.com\/en\/noticias-en\/premio-para-el-tierra-calma-la-nava-2016\/\"},\"wordCount\":189,\"commentCount\":0,\"publisher\":{\"@id\":\"https:\/\/tierracalma.com\/#organization\"},\"image\":{\"@id\":\"https:\/\/tierracalma.com\/en\/noticias-en\/premio-para-el-tierra-calma-la-nava-2016\/#primaryimage\"},\"thumbnailUrl\":\"https:\/\/tierracalma.com\/wp-content\/uploads\/2019\/05\/Certificate_decanter_page-0001.jpg\",\"articleSection\":[\"Noticias\",\"Premios\"],\"inLanguage\":\"en-US\",\"potentialAction\":[{\"@type\":\"CommentAction\",\"name\":\"Comment\",\"target\":[\"https:\/\/tierracalma.com\/en\/noticias-en\/premio-para-el-tierra-calma-la-nava-2016\/#respond\"]}]},{\"@type\":\"WebPage\",\"@id\":\"https:\/\/tierracalma.com\/en\/noticias-en\/premio-para-el-tierra-calma-la-nava-2016\/\",\"url\":\"https:\/\/tierracalma.com\/en\/noticias-en\/premio-para-el-tierra-calma-la-nava-2016\/\",\"name\":\"Award for the \\\"Tierra Calma La Nava 2016\\\" - Bodega Tierra Calma - Vinos y Enoturismo de Madrid\",\"isPartOf\":{\"@id\":\"https:\/\/tierracalma.com\/#website\"},\"primaryImageOfPage\":{\"@id\":\"https:\/\/tierracalma.com\/en\/noticias-en\/premio-para-el-tierra-calma-la-nava-2016\/#primaryimage\"},\"image\":{\"@id\":\"https:\/\/tierracalma.com\/en\/noticias-en\/premio-para-el-tierra-calma-la-nava-2016\/#primaryimage\"},\"thumbnailUrl\":\"https:\/\/tierracalma.com\/wp-content\/uploads\/2019\/05\/Certificate_decanter_page-0001.jpg\",\"datePublished\":\"2019-05-23T07:56:35+00:00\",\"dateModified\":\"2021-04-24T10:56:10+00:00\",\"breadcrumb\":{\"@id\":\"https:\/\/tierracalma.com\/en\/noticias-en\/premio-para-el-tierra-calma-la-nava-2016\/#breadcrumb\"},\"inLanguage\":\"en-US\",\"potentialAction\":[{\"@type\":\"ReadAction\",\"target\":[\"https:\/\/tierracalma.com\/en\/noticias-en\/premio-para-el-tierra-calma-la-nava-2016\/\"]}]},{\"@type\":\"ImageObject\",\"inLanguage\":\"en-US\",\"@id\":\"https:\/\/tierracalma.com\/en\/noticias-en\/premio-para-el-tierra-calma-la-nava-2016\/#primaryimage\",\"url\":\"https:\/\/tierracalma.com\/wp-content\/uploads\/2019\/05\/Certificate_decanter_page-0001.jpg\",\"contentUrl\":\"https:\/\/tierracalma.com\/wp-content\/uploads\/2019\/05\/Certificate_decanter_page-0001.jpg\",\"width\":1754,\"height\":2481},{\"@type\":\"BreadcrumbList\",\"@id\":\"https:\/\/tierracalma.com\/en\/noticias-en\/premio-para-el-tierra-calma-la-nava-2016\/#breadcrumb\",\"itemListElement\":[{\"@type\":\"ListItem\",\"position\":1,\"name\":\"Portada\",\"item\":\"https:\/\/tierracalma.com\/en\/\"},{\"@type\":\"ListItem\",\"position\":2,\"name\":\"Award for the &#8220;Tierra Calma La Nava 2016&#8221;\"}]},{\"@type\":\"WebSite\",\"@id\":\"https:\/\/tierracalma.com\/#website\",\"url\":\"https:\/\/tierracalma.com\/\",\"name\":\"Tierra Calma\",\"description\":\"Nuestros vinos son &quot;El alma de la tierra&quot;\",\"publisher\":{\"@id\":\"https:\/\/tierracalma.com\/#organization\"},\"potentialAction\":[{\"@type\":\"SearchAction\",\"target\":{\"@type\":\"EntryPoint\",\"urlTemplate\":\"https:\/\/tierracalma.com\/?s={search_term_string}\"},\"query-input\":{\"@type\":\"PropertyValueSpecification\",\"valueRequired\":true,\"valueName\":\"search_term_string\"}}],\"inLanguage\":\"en-US\"},{\"@type\":\"Organization\",\"@id\":\"https:\/\/tierracalma.com\/#organization\",\"name\":\"Tierra Calma\",\"url\":\"https:\/\/tierracalma.com\/\",\"logo\":{\"@type\":\"ImageObject\",\"inLanguage\":\"en-US\",\"@id\":\"https:\/\/tierracalma.com\/#\/schema\/logo\/image\/\",\"url\":\"https:\/\/tierracalma.com\/wp-content\/uploads\/2018\/01\/logotc.png\",\"contentUrl\":\"https:\/\/tierracalma.com\/wp-content\/uploads\/2018\/01\/logotc.png\",\"width\":260,\"height\":100,\"caption\":\"Tierra Calma\"},\"image\":{\"@id\":\"https:\/\/tierracalma.com\/#\/schema\/logo\/image\/\"},\"sameAs\":[\"https:\/\/www.facebook.com\/tierracalma\/\"]},{\"@type\":\"Person\",\"@id\":\"https:\/\/tierracalma.com\/#\/schema\/person\/84db735113abc3d71ac63787a6b424a7\",\"name\":\"TIERRACALMA TIERRACALMA\",\"image\":{\"@type\":\"ImageObject\",\"inLanguage\":\"en-US\",\"@id\":\"https:\/\/tierracalma.com\/#\/schema\/person\/image\/\",\"url\":\"https:\/\/secure.gravatar.com\/avatar\/4a0d021b71b5de57aa429b427ad07d11?s=96&d=mm&r=g\",\"contentUrl\":\"https:\/\/secure.gravatar.com\/avatar\/4a0d021b71b5de57aa429b427ad07d11?s=96&d=mm&r=g\",\"caption\":\"TIERRACALMA TIERRACALMA\"},\"url\":\"https:\/\/tierracalma.com\/en\/author\/javier\/\"}]}<\/script>\n<!-- \/ Yoast SEO plugin. -->","yoast_head_json":{"title":"Award for the \"Tierra Calma La Nava 2016\" - Bodega Tierra Calma - Vinos y Enoturismo de Madrid","robots":{"index":"noindex","follow":"follow"},"og_locale":"en_US","og_type":"article","og_title":"Award for the \"Tierra Calma La Nava 2016\" - Bodega Tierra Calma - Vinos y Enoturismo de Madrid","og_description":"[vc_row][vc_column][vc_column_text css=&#8221;.vc_custom_1558598188834{margin-top: -50px !important;}&#8221;] Nuestro Vino TIERRA CALMA LA NAVA 2016, se ha echo con una medalla de bronce, con 86 puntos, en los \u2018Decanter World [\u2026]","og_url":"https:\/\/tierracalma.com\/en\/noticias-en\/premio-para-el-tierra-calma-la-nava-2016\/","og_site_name":"Bodega Tierra Calma - Vinos y Enoturismo de Madrid","article_publisher":"https:\/\/www.facebook.com\/tierracalma\/","article_published_time":"2019-05-23T07:56:35+00:00","article_modified_time":"2021-04-24T10:56:10+00:00","og_image":[{"width":1754,"height":2481,"url":"https:\/\/tierracalma.com\/wp-content\/uploads\/2019\/05\/Certificate_decanter_page-0001.jpg","type":"image\/jpeg"}],"author":"TIERRACALMA TIERRACALMA","twitter_card":"summary_large_image","twitter_misc":{"Written by":"TIERRACALMA TIERRACALMA","Est. reading time":"1 minute"},"schema":{"@context":"https:\/\/schema.org","@graph":[{"@type":"Article","@id":"https:\/\/tierracalma.com\/en\/noticias-en\/premio-para-el-tierra-calma-la-nava-2016\/#article","isPartOf":{"@id":"https:\/\/tierracalma.com\/en\/noticias-en\/premio-para-el-tierra-calma-la-nava-2016\/"},"author":{"name":"TIERRACALMA TIERRACALMA","@id":"https:\/\/tierracalma.com\/#\/schema\/person\/84db735113abc3d71ac63787a6b424a7"},"headline":"Award for the &#8220;Tierra Calma La Nava 2016&#8221;","datePublished":"2019-05-23T07:56:35+00:00","dateModified":"2021-04-24T10:56:10+00:00","mainEntityOfPage":{"@id":"https:\/\/tierracalma.com\/en\/noticias-en\/premio-para-el-tierra-calma-la-nava-2016\/"},"wordCount":189,"commentCount":0,"publisher":{"@id":"https:\/\/tierracalma.com\/#organization"},"image":{"@id":"https:\/\/tierracalma.com\/en\/noticias-en\/premio-para-el-tierra-calma-la-nava-2016\/#primaryimage"},"thumbnailUrl":"https:\/\/tierracalma.com\/wp-content\/uploads\/2019\/05\/Certificate_decanter_page-0001.jpg","articleSection":["Noticias","Premios"],"inLanguage":"en-US","potentialAction":[{"@type":"CommentAction","name":"Comment","target":["https:\/\/tierracalma.com\/en\/noticias-en\/premio-para-el-tierra-calma-la-nava-2016\/#respond"]}]},{"@type":"WebPage","@id":"https:\/\/tierracalma.com\/en\/noticias-en\/premio-para-el-tierra-calma-la-nava-2016\/","url":"https:\/\/tierracalma.com\/en\/noticias-en\/premio-para-el-tierra-calma-la-nava-2016\/","name":"Award for the \"Tierra Calma La Nava 2016\" - Bodega Tierra Calma - Vinos y Enoturismo de Madrid","isPartOf":{"@id":"https:\/\/tierracalma.com\/#website"},"primaryImageOfPage":{"@id":"https:\/\/tierracalma.com\/en\/noticias-en\/premio-para-el-tierra-calma-la-nava-2016\/#primaryimage"},"image":{"@id":"https:\/\/tierracalma.com\/en\/noticias-en\/premio-para-el-tierra-calma-la-nava-2016\/#primaryimage"},"thumbnailUrl":"https:\/\/tierracalma.com\/wp-content\/uploads\/2019\/05\/Certificate_decanter_page-0001.jpg","datePublished":"2019-05-23T07:56:35+00:00","dateModified":"2021-04-24T10:56:10+00:00","breadcrumb":{"@id":"https:\/\/tierracalma.com\/en\/noticias-en\/premio-para-el-tierra-calma-la-nava-2016\/#breadcrumb"},"inLanguage":"en-US","potentialAction":[{"@type":"ReadAction","target":["https:\/\/tierracalma.com\/en\/noticias-en\/premio-para-el-tierra-calma-la-nava-2016\/"]}]},{"@type":"ImageObject","inLanguage":"en-US","@id":"https:\/\/tierracalma.com\/en\/noticias-en\/premio-para-el-tierra-calma-la-nava-2016\/#primaryimage","url":"https:\/\/tierracalma.com\/wp-content\/uploads\/2019\/05\/Certificate_decanter_page-0001.jpg","contentUrl":"https:\/\/tierracalma.com\/wp-content\/uploads\/2019\/05\/Certificate_decanter_page-0001.jpg","width":1754,"height":2481},{"@type":"BreadcrumbList","@id":"https:\/\/tierracalma.com\/en\/noticias-en\/premio-para-el-tierra-calma-la-nava-2016\/#breadcrumb","itemListElement":[{"@type":"ListItem","position":1,"name":"Portada","item":"https:\/\/tierracalma.com\/en\/"},{"@type":"ListItem","position":2,"name":"Award for the &#8220;Tierra Calma La Nava 2016&#8221;"}]},{"@type":"WebSite","@id":"https:\/\/tierracalma.com\/#website","url":"https:\/\/tierracalma.com\/","name":"Tierra Calma","description":"Nuestros vinos son &quot;El alma de la tierra&quot;","publisher":{"@id":"https:\/\/tierracalma.com\/#organization"},"potentialAction":[{"@type":"SearchAction","target":{"@type":"EntryPoint","urlTemplate":"https:\/\/tierracalma.com\/?s={search_term_string}"},"query-input":{"@type":"PropertyValueSpecification","valueRequired":true,"valueName":"search_term_string"}}],"inLanguage":"en-US"},{"@type":"Organization","@id":"https:\/\/tierracalma.com\/#organization","name":"Tierra Calma","url":"https:\/\/tierracalma.com\/","logo":{"@type":"ImageObject","inLanguage":"en-US","@id":"https:\/\/tierracalma.com\/#\/schema\/logo\/image\/","url":"https:\/\/tierracalma.com\/wp-content\/uploads\/2018\/01\/logotc.png","contentUrl":"https:\/\/tierracalma.com\/wp-content\/uploads\/2018\/01\/logotc.png","width":260,"height":100,"caption":"Tierra Calma"},"image":{"@id":"https:\/\/tierracalma.com\/#\/schema\/logo\/image\/"},"sameAs":["https:\/\/www.facebook.com\/tierracalma\/"]},{"@type":"Person","@id":"https:\/\/tierracalma.com\/#\/schema\/person\/84db735113abc3d71ac63787a6b424a7","name":"TIERRACALMA TIERRACALMA","image":{"@type":"ImageObject","inLanguage":"en-US","@id":"https:\/\/tierracalma.com\/#\/schema\/person\/image\/","url":"https:\/\/secure.gravatar.com\/avatar\/4a0d021b71b5de57aa429b427ad07d11?s=96&d=mm&r=g","contentUrl":"https:\/\/secure.gravatar.com\/avatar\/4a0d021b71b5de57aa429b427ad07d11?s=96&d=mm&r=g","caption":"TIERRACALMA TIERRACALMA"},"url":"https:\/\/tierracalma.com\/en\/author\/javier\/"}]}},"_links":{"self":[{"href":"https:\/\/tierracalma.com\/en\/wp-json\/wp\/v2\/posts\/3249","targetHints":{"allow":["GET"]}}],"collection":[{"href":"https:\/\/tierracalma.com\/en\/wp-json\/wp\/v2\/posts"}],"about":[{"href":"https:\/\/tierracalma.com\/en\/wp-json\/wp\/v2\/types\/post"}],"author":[{"embeddable":true,"href":"https:\/\/tierracalma.com\/en\/wp-json\/wp\/v2\/users\/3"}],"replies":[{"embeddable":true,"href":"https:\/\/tierracalma.com\/en\/wp-json\/wp\/v2\/comments?post=3249"}],"version-history":[{"count":0,"href":"https:\/\/tierracalma.com\/en\/wp-json\/wp\/v2\/posts\/3249\/revisions"}],"wp:featuredmedia":[{"embeddable":true,"href":"https:\/\/tierracalma.com\/en\/wp-json\/wp\/v2\/media\/883"}],"wp:attachment":[{"href":"https:\/\/tierracalma.com\/en\/wp-json\/wp\/v2\/media?parent=3249"}],"wp:term":[{"taxonomy":"category","embeddable":true,"href":"https:\/\/tierracalma.com\/en\/wp-json\/wp\/v2\/categories?post=3249"},{"taxonomy":"post_tag","embeddable":true,"href":"https:\/\/tierracalma.com\/en\/wp-json\/wp\/v2\/tags?post=3249"}],"curies":[{"name":"wp","href":"https:\/\/api.w.org\/{rel}","templated":true}]}}